{"id":1179,"date":"2025-11-04T17:28:29","date_gmt":"2025-11-04T20:28:29","guid":{"rendered":"https:\/\/www.gentedemente.info\/?p=1179"},"modified":"2025-12-11T17:01:13","modified_gmt":"2025-12-11T20:01:13","slug":"repensando-la-educacion-que-viene-junto-a-la-provincia-marista-de-centroamerica","status":"publish","type":"post","link":"https:\/\/www.gentedemente.info\/?p=1179","title":{"rendered":"Repensando la educaci\u00f3n que viene junto a la Provincia Marista de Centroam\u00e9rica"},"content":{"rendered":"\n<p>El mundo educativo est\u00e1 cambiando m\u00e1s r\u00e1pido que los organigramas. Las familias tambi\u00e9n. Y los colegios \u2014especialmente los de tradici\u00f3n religiosa\u2014 se encuentran ante una encrucijada tan desafiante como inevitable: <strong>\u00bfc\u00f3mo seguir siendo instituciones relevantes en un contexto donde las necesidades, expectativas y configuraciones familiares se transforman a toda velocidad?<\/strong><\/p>\n\n\n\n<p>En los \u00faltimos a\u00f1os trabajamos codo a codo con la <strong>Provincia Marista de Centroam\u00e9rica<\/strong> para enfrentar ese desaf\u00edo junto a nuestros partners Forte Insights. La Provincia Marista de Centroam\u00e9rica es una important\u00edsima red de instituciones sociales y educativas con presencia en toda la regi\u00f3n, e incluye a los colegios m\u00e1s prestigiosos de la zona.<\/p>\n\n\n\n<p>Trabajamos con ellos en todos los pa\u00edses donde tienen presencia, con estudios cualitativos y organizacionales que pusieron sobre la mesa algo que ya es imposible ignorar: <strong>el modo en que las familias eligen colegios cambi\u00f3, los entornos urbanos cambiaron, y la manera en que las instituciones gestionan su misi\u00f3n tambi\u00e9n debe cambiar.<\/strong><\/p>\n\n\n\n<h2 class=\"wp-block-heading\"><strong>Una regi\u00f3n en movimiento: nuevas familias, nuevas decisiones<\/strong><\/h2>\n\n\n\n<p>Las instituciones educativas conviven hoy con din\u00e1micas familiares m\u00e1s diversas, trayectorias profesionales m\u00e1s exigentes, crisis de tiempo, presiones econ\u00f3micas crecientes y un ecosistema competitivo que se ampli\u00f3: biling\u00fcismo, seguridad emocional, valores, infraestructura, tecnolog\u00eda, inclusi\u00f3n, reputaci\u00f3n\u2026 todo pesa, todo tensiona.<\/p>\n\n\n\n<p>Las familias ya no buscan \u201cun colegio\u201d: buscan <strong>soluciones para la vida cotidiana<\/strong>, coherencia entre valores y pr\u00e1ctica, entornos que protejan y potencien a sus hijxs, y organizaciones que se comporten con la misma agilidad que les exige el mundo laboral.<\/p>\n\n\n\n<p>Y esto interpela directamente a un tema clave: <strong>la gesti\u00f3n institucional.<\/strong><br>Las estructuras dise\u00f1adas para un mundo estable hoy chocan contra un contexto que requiere escuchar, iterar y moverse.<\/p>\n\n\n\n<h2 class=\"wp-block-heading\"><strong>El gran desaf\u00edo: transformar sin perder identidad<\/strong><\/h2>\n\n\n\n<p>Con la Provincia Marista trabajamos en dos frentes: entender qu\u00e9 necesitan hoy las familias \u2014m\u00e1s diversas, m\u00e1s exigentes y m\u00e1s presionadas por la vida cotidiana\u2014 y acompa\u00f1ar a las instituciones a actualizar sus modelos de gesti\u00f3n para poder responder a ese nuevo mundo. La pregunta es simple y poderosa: <strong>\u00bfc\u00f3mo sostener un proyecto educativo con ra\u00edces profundas en un contexto que exige agilidad, claridad y cercan\u00eda?<\/strong><\/p>\n\n\n\n<p>Nuestro aporte estuvo en ayudar a redise\u00f1ar estructuras m\u00e1s livianas y humanas, fortalecer el liderazgo laico, ordenar la toma de decisiones y conectar la misi\u00f3n educativa con pr\u00e1cticas modernas y sostenibles. En s\u00edntesis, ayudamos a que la Provincia pueda seguir haciendo lo que mejor sabe hacer \u2014educar, cuidar, acompa\u00f1ar\u2014 desde instituciones preparadas para los desaf\u00edos culturales y demogr\u00e1ficos que vienen.<\/p>\n","protected":false},"excerpt":{"rendered":"<p>El mundo educativo est\u00e1 cambiando m\u00e1s r\u00e1pido que los organigramas. Las familias tambi\u00e9n. Y los colegios \u2014especialmente los de tradici\u00f3n religiosa\u2014 se encuentran ante una encrucijada tan desafiante como inevitable: \u00bfc\u00f3mo seguir siendo instituciones relevantes en un contexto donde las necesidades, expectativas y configuraciones familiares se transforman a toda velocidad? En los \u00faltimos a\u00f1os trabajamos [&hellip;]<\/p>\n","protected":false},"author":1,"featured_media":1181,"comment_status":"closed","ping_status":"open","sticky":false,"template":"","format":"standard","meta":{"footnotes":""},"categories":[29,12],"tags":[],"class_list":["post-1179","post","type-post","status-publish","format-standard","has-post-thumbnail","hentry","category-estrategia","category-noticias"],"gutentor_comment":0,"_links":{"self":[{"href":"https:\/\/www.gentedemente.info\/index.php?rest_route=\/wp\/v2\/posts\/1179","targetHints":{"allow":["GET"]}}],"collection":[{"href":"https:\/\/www.gentedemente.info\/index.php?rest_route=\/wp\/v2\/posts"}],"about":[{"href":"https:\/\/www.gentedemente.info\/index.php?rest_route=\/wp\/v2\/types\/post"}],"author":[{"embeddable":true,"href":"https:\/\/www.gentedemente.info\/index.php?rest_route=\/wp\/v2\/users\/1"}],"replies":[{"embeddable":true,"href":"https:\/\/www.gentedemente.info\/index.php?rest_route=%2Fwp%2Fv2%2Fcomments&post=1179"}],"version-history":[{"count":2,"href":"https:\/\/www.gentedemente.info\/index.php?rest_route=\/wp\/v2\/posts\/1179\/revisions"}],"predecessor-version":[{"id":1182,"href":"https:\/\/www.gentedemente.info\/index.php?rest_route=\/wp\/v2\/posts\/1179\/revisions\/1182"}],"wp:featuredmedia":[{"embeddable":true,"href":"https:\/\/www.gentedemente.info\/index.php?rest_route=\/wp\/v2\/media\/1181"}],"wp:attachment":[{"href":"https:\/\/www.gentedemente.info\/index.php?rest_route=%2Fwp%2Fv2%2Fmedia&parent=1179"}],"wp:term":[{"taxonomy":"category","embeddable":true,"href":"https:\/\/www.gentedemente.info\/index.php?rest_route=%2Fwp%2Fv2%2Fcategories&post=1179"},{"taxonomy":"post_tag","embeddable":true,"href":"https:\/\/www.gentedemente.info\/index.php?rest_route=%2Fwp%2Fv2%2Ftags&post=1179"}],"curies":[{"name":"wp","href":"https:\/\/api.w.org\/{rel}","templated":true}]}}